{"id":10307,"date":"2025-04-08T17:00:46","date_gmt":"2025-04-08T20:00:46","guid":{"rendered":"https:\/\/2025.campal.com.br\/?p=10307"},"modified":"2025-04-10T08:49:56","modified_gmt":"2025-04-10T11:49:56","slug":"airbnb-no-irpf-como-lancar","status":"publish","type":"post","link":"https:\/\/www.campal.com.br\/site\/airbnb-no-irpf-como-lancar\/","title":{"rendered":"Airbnb no IRPF &#8211; Como Lan\u00e7ar"},"content":{"rendered":"\n<p>Se voc\u00ea recebeu&nbsp;<strong>alugu\u00e9is mensais de pessoas f\u00edsicas<\/strong>&nbsp;por meio do&nbsp;<strong>Airbnb<\/strong>,&nbsp;<strong>Booking<\/strong>, ou outra plataforma de short stay, esses valores s\u00e3o considerados&nbsp;<strong>rendimentos tribut\u00e1veis de pessoa f\u00edsica<\/strong>.<br>Ou seja, devem ser declarados&nbsp;<strong>mensalmente no Carn\u00ea-Le\u00e3o<\/strong>&nbsp;e o imposto deve ser recolhido, se for o caso, at\u00e9 o \u00faltimo dia \u00fatil do m\u00eas seguinte ao recebimento.<\/p>\n\n\n\n<hr class=\"wp-block-separator has-alpha-channel-opacity\"\/>\n\n\n\n<p><strong>\u2705 Como lan\u00e7ar os rendimentos de Airbnb no Carn\u00ea-Le\u00e3o Web (e-CAC)<\/strong><\/p>\n\n\n\n<p><strong>\ud83d\udccd Acesso:<\/strong><\/p>\n\n\n\n<ol start=\"1\" class=\"wp-block-list\">\n<li>Acesse o site e-CAC\u00a0com\u00a0<strong>gov.br n\u00edvel prata ou ouro<\/strong>.<\/li>\n\n\n\n<li>No menu, v\u00e1 em\u00a0<strong>\u201cMeu Imposto de Renda\u201d > \u201cCarn\u00ea-Le\u00e3o\u201d<\/strong>.<\/li>\n<\/ol>\n\n\n\n<hr class=\"wp-block-separator has-alpha-channel-opacity\"\/>\n\n\n\n<p><strong>\ud83d\udce5 1. Lan\u00e7ar o rendimento<\/strong><\/p>\n\n\n\n<ul class=\"wp-block-list\">\n<li>Clique em\u00a0<strong>\u201cNovo Lan\u00e7amento\u201d<\/strong>.<\/li>\n\n\n\n<li><strong>Data de recebimento<\/strong>: data em que voc\u00ea recebeu o valor na conta.<\/li>\n\n\n\n<li><strong>Tipo de servi\u00e7o<\/strong>: &#8220;Alugu\u00e9is de bens im\u00f3veis&#8221;<\/li>\n\n\n\n<li><strong>Descri\u00e7\u00e3o<\/strong>: &#8220;Recebimento via Airbnb \u2013 im\u00f3vel localizado em [cidade\/UF] \u2013 contrato short stay.&#8221;<\/li>\n\n\n\n<li><strong>Valor bruto recebido<\/strong>: valor total recebido no m\u00eas.<\/li>\n<\/ul>\n\n\n\n<hr class=\"wp-block-separator has-alpha-channel-opacity\"\/>\n\n\n\n<p><strong>\ud83d\udcb8 2. Lan\u00e7ar as dedu\u00e7\u00f5es permitidas<\/strong><\/p>\n\n\n\n<p>Voc\u00ea pode deduzir as despesas&nbsp;<strong>necess\u00e1rias \u00e0 percep\u00e7\u00e3o do rendimento<\/strong>&nbsp;e pagas pelo locador, como:<\/p>\n\n\n\n<ul class=\"wp-block-list\">\n<li>Condom\u00ednio<\/li>\n\n\n\n<li>IPTU<\/li>\n\n\n\n<li>Energia el\u00e9trica, \u00e1gua e internet (se estiverem inclu\u00eddas no aluguel)<\/li>\n\n\n\n<li>Comiss\u00e3o do Airbnb<\/li>\n\n\n\n<li>Taxa de limpeza paga pelo locador<\/li>\n\n\n\n<li>Despesas de corretagem<\/li>\n\n\n\n<li>Taxa de administra\u00e7\u00e3o (se tiver empresa gerenciando o im\u00f3vel)<\/li>\n<\/ul>\n\n\n\n<p>\ud83d\udca1&nbsp;<strong>Importante<\/strong>: Essas despesas devem ter comprovante (nota, fatura, boleto).<\/p>\n\n\n\n<hr class=\"wp-block-separator has-alpha-channel-opacity\"\/>\n\n\n\n<p><strong>\ud83e\uddee 3. Apura\u00e7\u00e3o do imposto<\/strong><\/p>\n\n\n\n<p>O sistema calcular\u00e1 automaticamente o IRPF devido no m\u00eas, aplicando a&nbsp;<strong>tabela progressiva mensal<\/strong>.<\/p>\n\n\n\n<blockquote class=\"wp-block-quote is-layout-flow wp-block-quote-is-layout-flow\">\n<p>Se o total de rendimentos tribut\u00e1veis (ap\u00f3s dedu\u00e7\u00f5es)&nbsp;<strong>ultrapassar R$ 2.112,00 no m\u00eas<\/strong>, pode haver imposto a pagar.<\/p>\n<\/blockquote>\n\n\n\n<ul class=\"wp-block-list\">\n<li>Gere o\u00a0<strong>DARF<\/strong>\u00a0e pague at\u00e9 o\u00a0<strong>\u00faltimo dia \u00fatil do m\u00eas seguinte<\/strong>.<\/li>\n<\/ul>\n\n\n\n<hr class=\"wp-block-separator has-alpha-channel-opacity\"\/>\n\n\n\n<p><strong>\ud83d\udcca 4. Declara\u00e7\u00e3o no IRPF anual (2025)<\/strong><\/p>\n\n\n\n<p>Na declara\u00e7\u00e3o de ajuste:<\/p>\n\n\n\n<ul class=\"wp-block-list\">\n<li>Os valores lan\u00e7ados no Carn\u00ea-Le\u00e3o ser\u00e3o\u00a0<strong>importados automaticamente<\/strong>.<\/li>\n\n\n\n<li>Os rendimentos v\u00e3o para a ficha\u00a0<strong>\u201cRendimentos Tribut\u00e1veis Recebidos de Pessoa F\u00edsica e do Exterior\u201d<\/strong>.<\/li>\n\n\n\n<li>As dedu\u00e7\u00f5es tamb\u00e9m vir\u00e3o junto.<\/li>\n<\/ul>\n\n\n\n<hr class=\"wp-block-separator has-alpha-channel-opacity\"\/>\n\n\n\n<p><strong>\u26a0\ufe0f Observa\u00e7\u00f5es finais<\/strong><\/p>\n\n\n\n<ul class=\"wp-block-list\">\n<li>Se voc\u00ea\u00a0<strong>aluga para pessoa jur\u00eddica<\/strong>, o IR \u00e9\u00a0<strong>retido na fonte<\/strong>, e vai na ficha de\u00a0<strong>Rendimentos Tribut\u00e1veis Recebidos de Pessoa Jur\u00eddica<\/strong>.<\/li>\n\n\n\n<li>Im\u00f3veis em\u00a0<strong>nome de mais de um propriet\u00e1rio<\/strong>\u00a0devem ter os rendimentos\u00a0<strong>proporcionalmente divididos<\/strong>, e cada um declara sua parte.<\/li>\n\n\n\n<li>Alugu\u00e9is informais ou omissos\u00a0<strong>podem gerar malha fina<\/strong>, especialmente porque o\u00a0<strong>Airbnb informa \u00e0 Receita<\/strong>\u00a0os valores movimentados.<\/li>\n<\/ul>\n\n\n\n<p><\/p>\n","protected":false},"excerpt":{"rendered":"<p>Se voc\u00ea recebeu&nbsp;alugu\u00e9is mensais de pessoas f\u00edsicas&nbsp;por meio do&nbsp;Airbnb,&nbsp;Booking, ou outra plataforma de short stay, esses valores s\u00e3o considerados&nbsp;rendimentos tribut\u00e1veis de pessoa [&hellip;]<\/p>\n","protected":false},"author":1,"featured_media":10308,"comment_status":"closed","ping_status":"closed","sticky":false,"template":"","format":"standard","meta":{"_acf_changed":false,"iawp_total_views":62,"footnotes":""},"categories":[49,44,25],"tags":[],"class_list":["post-10307","post","type-post","status-publish","format-standard","has-post-thumbnail","hentry","category-199-abril","category-boletim-informativo-2025","category-noticias-campal"],"acf":[],"_links":{"self":[{"href":"https:\/\/www.campal.com.br\/site\/wp-json\/wp\/v2\/posts\/10307","targetHints":{"allow":["GET"]}}],"collection":[{"href":"https:\/\/www.campal.com.br\/site\/wp-json\/wp\/v2\/posts"}],"about":[{"href":"https:\/\/www.campal.com.br\/site\/wp-json\/wp\/v2\/types\/post"}],"author":[{"embeddable":true,"href":"https:\/\/www.campal.com.br\/site\/wp-json\/wp\/v2\/users\/1"}],"replies":[{"embeddable":true,"href":"https:\/\/www.campal.com.br\/site\/wp-json\/wp\/v2\/comments?post=10307"}],"version-history":[{"count":0,"href":"https:\/\/www.campal.com.br\/site\/wp-json\/wp\/v2\/posts\/10307\/revisions"}],"wp:featuredmedia":[{"embeddable":true,"href":"https:\/\/www.campal.com.br\/site\/wp-json\/wp\/v2\/media\/10308"}],"wp:attachment":[{"href":"https:\/\/www.campal.com.br\/site\/wp-json\/wp\/v2\/media?parent=10307"}],"wp:term":[{"taxonomy":"category","embeddable":true,"href":"https:\/\/www.campal.com.br\/site\/wp-json\/wp\/v2\/categories?post=10307"},{"taxonomy":"post_tag","embeddable":true,"href":"https:\/\/www.campal.com.br\/site\/wp-json\/wp\/v2\/tags?post=10307"}],"curies":[{"name":"wp","href":"https:\/\/api.w.org\/{rel}","templated":true}]}}