{"id":10314,"date":"2025-04-08T17:03:49","date_gmt":"2025-04-08T20:03:49","guid":{"rendered":"https:\/\/2025.campal.com.br\/?p=10314"},"modified":"2025-04-10T08:49:56","modified_gmt":"2025-04-10T11:49:56","slug":"declaracao-anual-do-mei-prazo-vai-ate-31-de-maio-saiba-como-fazer","status":"publish","type":"post","link":"https:\/\/www.campal.com.br\/site\/declaracao-anual-do-mei-prazo-vai-ate-31-de-maio-saiba-como-fazer\/","title":{"rendered":"Declara\u00e7\u00e3o Anual do MEI: Prazo vai at\u00e9 31 de maio \u2014 saiba como fazer"},"content":{"rendered":"\n<p>Todo Microempreendedor Individual (MEI) deve, anualmente, informar \u00e0 Receita Federal o faturamento bruto do ano anterior por meio da&nbsp;<strong>Declara\u00e7\u00e3o Anual do Simples Nacional (DASN-SIMEI)<\/strong>. O prazo para a entrega da declara\u00e7\u00e3o referente ao ano-calend\u00e1rio de 2024 inicia em&nbsp;<strong>2 de janeiro de 2025<\/strong>&nbsp;e encerra em&nbsp;<strong>31 de maio de 2025<\/strong>.<\/p>\n\n\n\n<p><strong>Como Fazer a Declara\u00e7\u00e3o:<\/strong><\/p>\n\n\n\n<p><strong>Veja o passo-a-passo orientado pela Campal:&nbsp;<a rel=\"noreferrer noopener\" target=\"_blank\" href=\"https:\/\/campal-my.sharepoint.com\/:b:\/g\/personal\/fiscal1_campal_com_br\/EdFSXxume2FPuStp4C80OQEBt-jzJXo2iv-_Dpa5N3JyVA?e=gA6Xf9\">Passo a Passo &#8211; Declara\u00e7\u00e3o MEI.pdf<\/a><\/strong><\/p>\n\n\n\n<ol start=\"1\" class=\"wp-block-list\">\n<li><strong>Acesse o Portal do Empreendedor<\/strong>: Entre no site oficial do Governo Federal destinado ao MEI.<\/li>\n\n\n\n<li><strong>Informe o CNPJ<\/strong>: Digite o n\u00famero do seu CNPJ e clique em &#8220;Continuar&#8221;.<\/li>\n\n\n\n<li><strong>Selecione o Ano-Calend\u00e1rio<\/strong>: Escolha o ano de 2024 para declarar as receitas correspondentes.<\/li>\n\n\n\n<li><strong>Informe a Receita Bruta Total<\/strong>: Registre o valor total do faturamento bruto obtido em 2024.<\/li>\n\n\n\n<li><strong>Indique se Houve Contrata\u00e7\u00e3o de Funcion\u00e1rio<\/strong>: Informe se voc\u00ea teve ou n\u00e3o empregados durante o ano.<\/li>\n\n\n\n<li><strong>Envie a Declara\u00e7\u00e3o<\/strong>: Ap\u00f3s revisar as informa\u00e7\u00f5es, transmita a declara\u00e7\u00e3o e guarde o recibo gerado.<\/li>\n<\/ol>\n\n\n\n<p><strong>Aten\u00e7\u00e3o aos Prazos:<\/strong><\/p>\n\n\n\n<p>\u00c9 fundamental respeitar o prazo de entrega at\u00e9&nbsp;<strong>31 de maio de 2025<\/strong>. O envio ap\u00f3s essa data sujeita o MEI a multas, com valor m\u00ednimo de R$ 50,00.<\/p>\n\n\n\n<p><strong>Import\u00e2ncia da Declara\u00e7\u00e3o:<\/strong><\/p>\n\n\n\n<p>Manter a DASN-SIMEI em dia assegura a regularidade do seu CNPJ e o acesso aos benef\u00edcios previdenci\u00e1rios, como aposentadoria, aux\u00edlio-doen\u00e7a e sal\u00e1rio-maternidade.&nbsp;<\/p>\n\n\n\n<p>Para mais detalhes e orienta\u00e7\u00f5es, consulte o&nbsp;<\/p>\n\n\n\n<p><em>Lembre-se: a pontualidade na entrega da declara\u00e7\u00e3o \u00e9 essencial para evitar contratempos e manter sua empresa em conformidade com as obriga\u00e7\u00f5es fiscais.<\/em><\/p>\n","protected":false},"excerpt":{"rendered":"<p>Todo Microempreendedor Individual (MEI) deve, anualmente, informar \u00e0 Receita Federal o faturamento bruto do ano anterior por meio da&nbsp;Declara\u00e7\u00e3o Anual do Simples [&hellip;]<\/p>\n","protected":false},"author":1,"featured_media":10316,"comment_status":"closed","ping_status":"closed","sticky":false,"template":"","format":"standard","meta":{"_acf_changed":false,"iawp_total_views":12,"footnotes":""},"categories":[49,44,25],"tags":[],"class_list":["post-10314","post","type-post","status-publish","format-standard","has-post-thumbnail","hentry","category-199-abril","category-boletim-informativo-2025","category-noticias-campal"],"acf":[],"_links":{"self":[{"href":"https:\/\/www.campal.com.br\/site\/wp-json\/wp\/v2\/posts\/10314","targetHints":{"allow":["GET"]}}],"collection":[{"href":"https:\/\/www.campal.com.br\/site\/wp-json\/wp\/v2\/posts"}],"about":[{"href":"https:\/\/www.campal.com.br\/site\/wp-json\/wp\/v2\/types\/post"}],"author":[{"embeddable":true,"href":"https:\/\/www.campal.com.br\/site\/wp-json\/wp\/v2\/users\/1"}],"replies":[{"embeddable":true,"href":"https:\/\/www.campal.com.br\/site\/wp-json\/wp\/v2\/comments?post=10314"}],"version-history":[{"count":0,"href":"https:\/\/www.campal.com.br\/site\/wp-json\/wp\/v2\/posts\/10314\/revisions"}],"wp:featuredmedia":[{"embeddable":true,"href":"https:\/\/www.campal.com.br\/site\/wp-json\/wp\/v2\/media\/10316"}],"wp:attachment":[{"href":"https:\/\/www.campal.com.br\/site\/wp-json\/wp\/v2\/media?parent=10314"}],"wp:term":[{"taxonomy":"category","embeddable":true,"href":"https:\/\/www.campal.com.br\/site\/wp-json\/wp\/v2\/categories?post=10314"},{"taxonomy":"post_tag","embeddable":true,"href":"https:\/\/www.campal.com.br\/site\/wp-json\/wp\/v2\/tags?post=10314"}],"curies":[{"name":"wp","href":"https:\/\/api.w.org\/{rel}","templated":true}]}}