{"id":12472,"date":"2025-10-10T14:33:14","date_gmt":"2025-10-10T17:33:14","guid":{"rendered":"https:\/\/www.campal.com.br\/site\/?p=12472"},"modified":"2025-10-10T14:33:17","modified_gmt":"2025-10-10T17:33:17","slug":"tributacao-de-dividendos-o-que-ja-foi-aprovado-e-o-que-esperar","status":"publish","type":"post","link":"https:\/\/www.campal.com.br\/site\/tributacao-de-dividendos-o-que-ja-foi-aprovado-e-o-que-esperar\/","title":{"rendered":"Tributa\u00e7\u00e3o de Dividendos: o que j\u00e1 foi aprovado e o que esperar"},"content":{"rendered":"\n<p>No dia 1\u00ba de outubro de 2025, a C\u00e2mara dos Deputados aprovou, de forma un\u00e2nime (493 votos a favor e nenhum contra), o projeto de lei que altera as regras do Imposto de Renda e cria tributa\u00e7\u00e3o sobre dividendos. Uma aprova\u00e7\u00e3o un\u00e2nime \u00e9 algo raro em pautas tribut\u00e1rias, o que refor\u00e7a a relev\u00e2ncia do tema.<\/p>\n\n\n\n<hr class=\"wp-block-separator has-alpha-channel-opacity\"\/>\n\n\n\n<p><strong>O que muda com o novo texto aprovado<\/strong><\/p>\n\n\n\n<ul class=\"wp-block-list\">\n<li><strong>Isen\u00e7\u00e3o ampliada para pessoas f\u00edsicas<\/strong>: quem recebe at\u00e9 R$ 5.000 mensais ficar\u00e1 isento do Imposto de Renda.<\/li>\n\n\n\n<li><strong>Dividendos<\/strong>: haver\u00e1 reten\u00e7\u00e3o de\u00a0<strong>10% na fonte<\/strong>\u00a0sobre valores distribu\u00eddos acima de R$ 50 mil por m\u00eas, por pessoa jur\u00eddica para pessoa f\u00edsica residente no Brasil.<\/li>\n\n\n\n<li><strong>Lucros acumulados at\u00e9 2025<\/strong>: continuar\u00e3o isentos, mesmo que sejam pagos em anos posteriores, desde que a distribui\u00e7\u00e3o seja deliberada at\u00e9 31\/12\/2025.<\/li>\n\n\n\n<li><strong>Remessas ao exterior<\/strong>: dividendos enviados para fora do pa\u00eds tamb\u00e9m ter\u00e3o reten\u00e7\u00e3o de 10%, independentemente do valor.<\/li>\n\n\n\n<li><strong>Imposto m\u00ednimo efetivo<\/strong>: pessoas com rendimentos superiores a R$ 600 mil por ano ter\u00e3o uma tributa\u00e7\u00e3o m\u00ednima progressiva, chegando at\u00e9 10% para rendimentos acima de R$ 1,2 milh\u00e3o.<\/li>\n<\/ul>\n\n\n\n<hr class=\"wp-block-separator has-alpha-channel-opacity\"\/>\n\n\n\n<p><strong>Situa\u00e7\u00e3o atual do projeto<\/strong><\/p>\n\n\n\n<p>Apesar da aprova\u00e7\u00e3o na C\u00e2mara, o projeto ainda precisa ser analisado pelo&nbsp;<strong>Senado Federal<\/strong>, onde poder\u00e1 sofrer ajustes ou inclus\u00f5es.<br>Somente ap\u00f3s aprova\u00e7\u00e3o no Senado e&nbsp;<strong>san\u00e7\u00e3o presidencial<\/strong>&nbsp;as novas regras ter\u00e3o validade, com previs\u00e3o de aplica\u00e7\u00e3o a partir de&nbsp;<strong>2026<\/strong>&nbsp;(impactando a declara\u00e7\u00e3o de 2027).<\/p>\n\n\n\n<hr class=\"wp-block-separator has-alpha-channel-opacity\"\/>\n\n\n\n<p><strong>Orienta\u00e7\u00f5es pr\u00e1ticas para empresas e pessoas f\u00edsicas<\/strong><\/p>\n\n\n\n<ul class=\"wp-block-list\">\n<li><strong>Aguardar a tramita\u00e7\u00e3o final<\/strong>: at\u00e9 que haja san\u00e7\u00e3o presidencial, n\u00e3o h\u00e1 obriga\u00e7\u00e3o legal em vigor.<\/li>\n\n\n\n<li><strong>Separar lucros acumulados<\/strong>: mantenha controle cont\u00e1bil claro entre lucros apurados at\u00e9 2025 (isentos) e lucros futuros (tribut\u00e1veis).<\/li>\n\n\n\n<li><strong>Planejar cen\u00e1rios<\/strong>: avalie, junto ao contador, se faz sentido antecipar distribui\u00e7\u00f5es de dividendos antes de 2026.<\/li>\n\n\n\n<li><strong>Comunica\u00e7\u00e3o clara<\/strong>: s\u00f3cios e gestores devem ser informados sobre o poss\u00edvel impacto para evitar decis\u00f5es precipitadas.<\/li>\n<\/ul>\n\n\n\n<hr class=\"wp-block-separator has-alpha-channel-opacity\"\/>\n\n\n\n<p>Na Campal, estamos acompanhando cada etapa desse processo. Assim que o texto final for sancionado, elaboraremos um guia pr\u00e1tico para orientar nossos clientes sobre os impactos e as melhores estrat\u00e9gias de adapta\u00e7\u00e3o.<\/p>\n\n\n\n<p><strong>Prosperidade e bons neg\u00f3cios!<\/strong><\/p>\n","protected":false},"excerpt":{"rendered":"<p>No dia 1\u00ba de outubro de 2025, a C\u00e2mara dos Deputados aprovou, de forma un\u00e2nime (493 votos a favor e nenhum contra), [&hellip;]<\/p>\n","protected":false},"author":1,"featured_media":12473,"comment_status":"closed","ping_status":"closed","sticky":false,"template":"","format":"standard","meta":{"_acf_changed":false,"iawp_total_views":65,"footnotes":""},"categories":[25],"tags":[],"class_list":["post-12472","post","type-post","status-publish","format-standard","has-post-thumbnail","hentry","category-noticias-campal"],"acf":[],"_links":{"self":[{"href":"https:\/\/www.campal.com.br\/site\/wp-json\/wp\/v2\/posts\/12472","targetHints":{"allow":["GET"]}}],"collection":[{"href":"https:\/\/www.campal.com.br\/site\/wp-json\/wp\/v2\/posts"}],"about":[{"href":"https:\/\/www.campal.com.br\/site\/wp-json\/wp\/v2\/types\/post"}],"author":[{"embeddable":true,"href":"https:\/\/www.campal.com.br\/site\/wp-json\/wp\/v2\/users\/1"}],"replies":[{"embeddable":true,"href":"https:\/\/www.campal.com.br\/site\/wp-json\/wp\/v2\/comments?post=12472"}],"version-history":[{"count":0,"href":"https:\/\/www.campal.com.br\/site\/wp-json\/wp\/v2\/posts\/12472\/revisions"}],"wp:featuredmedia":[{"embeddable":true,"href":"https:\/\/www.campal.com.br\/site\/wp-json\/wp\/v2\/media\/12473"}],"wp:attachment":[{"href":"https:\/\/www.campal.com.br\/site\/wp-json\/wp\/v2\/media?parent=12472"}],"wp:term":[{"taxonomy":"category","embeddable":true,"href":"https:\/\/www.campal.com.br\/site\/wp-json\/wp\/v2\/categories?post=12472"},{"taxonomy":"post_tag","embeddable":true,"href":"https:\/\/www.campal.com.br\/site\/wp-json\/wp\/v2\/tags?post=12472"}],"curies":[{"name":"wp","href":"https:\/\/api.w.org\/{rel}","templated":true}]}}