{"id":4104,"date":"2017-07-28T10:56:29","date_gmt":"2017-07-28T13:56:29","guid":{"rendered":"http:\/\/www.campal.com.br\/site\/app\/webroot\/blog\/?p=4104"},"modified":"2017-07-28T10:56:29","modified_gmt":"2017-07-28T13:56:29","slug":"pert-programa-especial-de-regularizacao-tributaria","status":"publish","type":"post","link":"https:\/\/www.campal.com.br\/site\/pert-programa-especial-de-regularizacao-tributaria\/","title":{"rendered":"PERT: Programa Especial de Regulariza\u00e7\u00e3o Tribut\u00e1ria"},"content":{"rendered":"<p style=\"text-align: justify;\"><img decoding=\"async\" alt=\"Resultado de imagem para pert parcelamento\" src=\"http:\/\/www.adani.cnt.br\/wp-content\/uploads\/2017\/05\/informativo_regularizacao_tirbutari-825x340.png\" \/><\/p>\n<p style=\"text-align: justify;\">Esta \u00e9 a oportunidade de parcelar d\u00e9bitos de\u00a0<b>empresas e pessoas f\u00edsicas<\/b>, junto a receita Federal e PGFN,\u00a0<b>vencidos at\u00e9 30\/04\/2017<\/b>, inclusive d\u00e9bitos j\u00e1 parcelados em outros programas.<\/p>\n<p style=\"text-align: justify;\"><b>O prazo<\/b>\u00a0para ades\u00e3o a este programa j\u00e1 iniciou em 03\/07\u00a0 e vai\u00a0<b>at\u00e9 31\/08<\/b>, em tr\u00eas modalidades:<\/p>\n<p style=\"text-align: justify;\">1\u00aa Entrada de 20% e saldo quitado com cr\u00e9dito de preju\u00edzo fiscal e CSLL, ou outros cr\u00e9ditos administrados pela Receita Federal (<b>SEM DESCONTOS<\/b>);<\/p>\n<p style=\"text-align: justify;\">2\u00aa Parcelamento em at\u00e9 120 meses\u00a0 sem redu\u00e7\u00e3o, sendo as parcelas calculadas por percentuais sobre a receita bruta;<\/p>\n<p style=\"text-align: justify;\">3\u00ba Entrada de 20% da d\u00edvida consolidada em 5 parcelas, vencidas entre agosto e dezembro deste ano para devedores acima de 15 milh\u00f5es, e de\u00a0<b>7,5% para devedores at\u00e9 15 milhoes<\/b>, e o saldo:<\/p>\n<p style=\"text-align: justify;\">&#8211; \u00e0 vista em janeiro de 2018 com descontos de\u00a0<b>90% dos juros, 50% das multas e 25% dos encargos legais<\/b>;<\/p>\n<p style=\"text-align: justify;\">&#8211; Em at\u00e9 145 parcelas com descontos de\u00a0<b>80% dos juros, 40% das multas e 25% dos encargos legais<\/b>; ou<\/p>\n<p style=\"text-align: justify;\">&#8211; Em at\u00e9 175 parcelas com descontos de\u00a0<b>50% dos juros, 25% e dos\u00a0 encargos legais.<\/b><\/p>\n<p style=\"text-align: justify;\">Importante observar o valor da parcela m\u00ednima que ser\u00e1 de R$ 1.000,00 para as PJ\u2019s e de R$ 200,00 para as PFs, e de 1% da receita bruta do m\u00eas anterior , n\u00e3o inferior a 1\/175 para a modalidade de parcelamento em 175 vezes.<\/p>\n<p style=\"text-align: justify;\">N\u00c3O PODER\u00c3O SER PARCELADOS:<\/p>\n<p style=\"text-align: justify;\">-D\u00e9bitos apurados na forma do Simples Nacional, passiveis de reten\u00e7\u00e3o na fonte e de descontos de terceiros;<\/p>\n<p style=\"text-align: justify;\">ATEN\u00c7\u00c3O TAMB\u00c9M PARA AS CAUSAS DE EXCLUS\u00c3O:<\/p>\n<p style=\"text-align: justify;\">&#8211; O contribuinte dever\u00e1 manter em dia os d\u00e9bitos vencidos ap\u00f3s 30\/04\/2017, inclusive o FGTS, n\u00e3o falhar o pagamento de tr\u00eas parcelas consecutivas ou alternadas do parcelamento, n\u00e3o estar com fal\u00eancia decretada, extin\u00e7\u00e3o ou inaptid\u00e3o do seu CNPJ.<\/p>\n<p style=\"text-align: justify;\">Autor: Marcelo Castilhos<\/p>\n","protected":false},"excerpt":{"rendered":"<p>Esta \u00e9 a oportunidade de parcelar d\u00e9bitos de\u00a0empresas e pessoas f\u00edsicas, junto a receita Federal e PGFN,\u00a0vencidos at\u00e9 30\/04\/2017, inclusive d\u00e9bitos j\u00e1 [&hellip;]<\/p>\n","protected":false},"author":1,"featured_media":4130,"comment_status":"closed","ping_status":"closed","sticky":false,"template":"","format":"standard","meta":{"_acf_changed":false,"iawp_total_views":0,"footnotes":""},"categories":[25],"tags":[],"class_list":["post-4104","post","type-post","status-publish","format-standard","has-post-thumbnail","hentry","category-noticias-campal"],"acf":[],"_links":{"self":[{"href":"https:\/\/www.campal.com.br\/site\/wp-json\/wp\/v2\/posts\/4104","targetHints":{"allow":["GET"]}}],"collection":[{"href":"https:\/\/www.campal.com.br\/site\/wp-json\/wp\/v2\/posts"}],"about":[{"href":"https:\/\/www.campal.com.br\/site\/wp-json\/wp\/v2\/types\/post"}],"author":[{"embeddable":true,"href":"https:\/\/www.campal.com.br\/site\/wp-json\/wp\/v2\/users\/1"}],"replies":[{"embeddable":true,"href":"https:\/\/www.campal.com.br\/site\/wp-json\/wp\/v2\/comments?post=4104"}],"version-history":[{"count":0,"href":"https:\/\/www.campal.com.br\/site\/wp-json\/wp\/v2\/posts\/4104\/revisions"}],"wp:featuredmedia":[{"embeddable":true,"href":"https:\/\/www.campal.com.br\/site\/wp-json\/"}],"wp:attachment":[{"href":"https:\/\/www.campal.com.br\/site\/wp-json\/wp\/v2\/media?parent=4104"}],"wp:term":[{"taxonomy":"category","embeddable":true,"href":"https:\/\/www.campal.com.br\/site\/wp-json\/wp\/v2\/categories?post=4104"},{"taxonomy":"post_tag","embeddable":true,"href":"https:\/\/www.campal.com.br\/site\/wp-json\/wp\/v2\/tags?post=4104"}],"curies":[{"name":"wp","href":"https:\/\/api.w.org\/{rel}","templated":true}]}}