{"id":5519,"date":"2020-02-12T23:20:07","date_gmt":"2020-02-13T02:20:07","guid":{"rendered":"https:\/\/www.campal.com.br\/site\/app\/webroot\/blog\/?p=5519"},"modified":"2020-02-12T23:20:07","modified_gmt":"2020-02-13T02:20:07","slug":"daniel-campos-coordena-primeira-reuniao-do-comite-das-empresas-de-servicos-da-aci-nh-cb-ev","status":"publish","type":"post","link":"https:\/\/www.campal.com.br\/site\/daniel-campos-coordena-primeira-reuniao-do-comite-das-empresas-de-servicos-da-aci-nh-cb-ev\/","title":{"rendered":"Daniel Campos coordena primeira reuni\u00e3o do comit\u00ea das empresas de Servi\u00e7os da ACI NH\/CB\/EV"},"content":{"rendered":"\n<p><strong>Novo Hamburgo\/RS\u00a0<\/strong>&#8211; O ano \u00e9 do centen\u00e1rio, e os comit\u00eas da Associa\u00e7\u00e3o Comercial, Industrial e de Servi\u00e7os de Novo Hamburgo, Campo Bom e Est\u00e2ncia Velha d\u00e3o in\u00edcio \u00e0s suas reuni\u00f5es mensais. O de Servi\u00e7os, que tem como vice-presidente Daniel Antonio de Campos, esteve reunido na segunda-feira (10), dando as boas-vindas aos novos e antigos integrantes.<\/p>\n\n\n\n<p>Inovando e buscando congregar seus participantes, a recep\u00e7\u00e3o contou com som ambiental, um brinde e a proposta de colabora\u00e7\u00e3o entre todos. &#8220;Estamos come\u00e7ando uma nova gest\u00e3o, todos s\u00e3o muito bem-vindos e vamos trabalhar de forma conjunta, sempre recebendo e analisando em grupo todas as ideias que os participantes tiverem para compartilhar com o Comit\u00ea&#8221;, ressaltou Daniel de Campos.<\/p>\n\n\n\n<figure class=\"wp-block-image size-large\"><img decoding=\"async\" src=\"https:\/\/www.campal.com.br\/site\/app\/webroot\/blog\/wp-content\/uploads\/2020\/02\/vga-comite-de-servicos-2020-2.jpg\" alt=\"\" class=\"wp-image-5521\"\/><\/figure>\n\n\n\n<h3 class=\"wp-block-heading\">Composi\u00e7\u00e3o do Comit\u00ea de Servi\u00e7os<\/h3>\n\n\n\n<figure class=\"wp-block-table\"><table class=\"\"><thead><tr><th>Integrante<\/th><th>Empresa<\/th><\/tr><\/thead><tbody><tr><td>Alda Beatriz Markus<\/td><td>ABM Turismo Ltda &#8211; Estrelatur<\/td><\/tr><tr><td>Carlos Alberto Klein<\/td><td>Curto Arte<\/td><\/tr><tr><td>Cristine Marli Foernges<\/td><td>P\u00e9rola Comunica\u00e7\u00e3o<\/td><\/tr><tr><td>Daniel Juliano Fleck<\/td><td>Projetec Tecnologias Integradas<\/td><\/tr><tr><td>Fabiana Bissolotti Rauber<\/td><td>Conseg Consultoria em Sa\u00fade e Seguran\u00e7a do Trabalho<\/td><\/tr><tr><td>Giuliano Hoffmann<\/td><td>Spheric Componentes \u00d3pticos<\/td><\/tr><tr><td>Igor Hoelscher<\/td><td>Chave Assessoria em Gest\u00e3o e Marketing<\/td><\/tr><tr><td>Lu\u00eds Artur Mendes da Silva<\/td><td>Grupo Editorial Sinos<\/td><\/tr><tr><td>Natalia Fischer Asaka<\/td><td>Fischer Centro de Odontologia<\/td><\/tr><tr><td>Renata Santos Zapata<\/td><td>LZ Ambiental Consultoria e Servi\u00e7os<\/td><\/tr><tr><td>Sinara Leotte Garcia<\/td><td>Cardiosinos Cardiologia Intervencionista<\/td><\/tr><tr><td>Thiago Ferreira da Silva<\/td><td>Mutantes Prepara\u00e7\u00e3o F\u00edsica<\/td><\/tr><tr><td>Vilson Riegel<\/td><td>Novo Conceito Contabilidade<\/td><\/tr><\/tbody><\/table><\/figure>\n","protected":false},"excerpt":{"rendered":"<p>Novo Hamburgo\/RS\u00a0&#8211; O ano \u00e9 do centen\u00e1rio, e os comit\u00eas da Associa\u00e7\u00e3o Comercial, Industrial e de Servi\u00e7os de Novo Hamburgo, Campo Bom [&hellip;]<\/p>\n","protected":false},"author":1,"featured_media":5737,"comment_status":"closed","ping_status":"open","sticky":false,"template":"","format":"standard","meta":{"_acf_changed":false,"iawp_total_views":10,"footnotes":""},"categories":[25],"tags":[],"class_list":["post-5519","post","type-post","status-publish","format-standard","has-post-thumbnail","hentry","category-noticias-campal"],"acf":[],"_links":{"self":[{"href":"https:\/\/www.campal.com.br\/site\/wp-json\/wp\/v2\/posts\/5519","targetHints":{"allow":["GET"]}}],"collection":[{"href":"https:\/\/www.campal.com.br\/site\/wp-json\/wp\/v2\/posts"}],"about":[{"href":"https:\/\/www.campal.com.br\/site\/wp-json\/wp\/v2\/types\/post"}],"author":[{"embeddable":true,"href":"https:\/\/www.campal.com.br\/site\/wp-json\/wp\/v2\/users\/1"}],"replies":[{"embeddable":true,"href":"https:\/\/www.campal.com.br\/site\/wp-json\/wp\/v2\/comments?post=5519"}],"version-history":[{"count":0,"href":"https:\/\/www.campal.com.br\/site\/wp-json\/wp\/v2\/posts\/5519\/revisions"}],"wp:featuredmedia":[{"embeddable":true,"href":"https:\/\/www.campal.com.br\/site\/wp-json\/wp\/v2\/media\/5737"}],"wp:attachment":[{"href":"https:\/\/www.campal.com.br\/site\/wp-json\/wp\/v2\/media?parent=5519"}],"wp:term":[{"taxonomy":"category","embeddable":true,"href":"https:\/\/www.campal.com.br\/site\/wp-json\/wp\/v2\/categories?post=5519"},{"taxonomy":"post_tag","embeddable":true,"href":"https:\/\/www.campal.com.br\/site\/wp-json\/wp\/v2\/tags?post=5519"}],"curies":[{"name":"wp","href":"https:\/\/api.w.org\/{rel}","templated":true}]}}