{"id":8201,"date":"2019-07-05T09:29:45","date_gmt":"2019-07-05T12:29:45","guid":{"rendered":"https:\/\/www.campal.com.br\/site\/app\/webroot\/blog\/?p=5249"},"modified":"2019-07-05T09:29:45","modified_gmt":"2019-07-05T12:29:45","slug":"maioria-dos-brasileiros-depende-do-inss-para-aposentadoria","status":"publish","type":"post","link":"https:\/\/www.campal.com.br\/site\/maioria-dos-brasileiros-depende-do-inss-para-aposentadoria\/","title":{"rendered":"Maioria dos brasileiros depende do INSS para aposentadoria"},"content":{"rendered":"\n<h3 class=\"wp-block-heading\">Apenas 16% dos colaboradores ouvidos conseguem pagar suas contas com o remunera\u00e7\u00e3o mensal<\/h3>\n\n\n\n<p>Com o objetivo de mostrar a import\u00e2ncia da educa\u00e7\u00e3o financeira nas empresas, a Associa\u00e7\u00e3o Brasileira de Educadores Financeiros (Abefin),&nbsp;realizou uma pesquisa sobre a sa\u00fade financeira dos trabalhadores brasileiros.&nbsp;De acordo com o levantamento, 81% dos trabalhadores brasileiros dependem exclusivamente do INSS para a futura aposentadoria, enquanto apenas 19% possuem planejamento para alcan\u00e7ar os seus objetivos.<\/p>\n\n\n\n<p>Em parceria com a Unicamp e o Instituto Axxus foram entrevistados 2&nbsp;mil funcion\u00e1rios de cem empresas, dos mais diferentes n\u00edveis hier\u00e1rquicos, nos estados de S\u00e3o Paulo, Rio de Janeiro, Minas Gerais, Paran\u00e1, Rio Grande do Sul, Bahia, Cear\u00e1, Mato Grosso do Sul, Amazonas e Distrito Federal.<\/p>\n\n\n\n<p>A pesquisa revela ainda que apenas 16% dos colaboradores ouvidos s\u00e3o capacitados financeiramente, ou seja, conseguem pagar suas contas com o remunera\u00e7\u00e3o mensal e planejam seus gastos com anteced\u00eancia. Por outro lado, 84% dos entrevistados enfrentam dificuldades para lidar com o dinheiro, sofrem preju\u00edzos ou n\u00e3o entendem de finan\u00e7as. Essa soma de fatores pode levar ao endividamento e, na maioria das vezes, essas d\u00edvidas impactam diretamente no rendimento do trabalhador.<\/p>\n\n\n\n<p>&#8220;Os dados s\u00e3o realmente preocupantes, visto que estamos diante de uma iminente reforma da Previd\u00eancia Social, onde o trabalhador ter\u00e1 que contribuir por um per\u00edodo maior e apenas o dinheiro do governo n\u00e3o ser\u00e1 suficiente&#8221;, explica o presidente da Abefin, Reinaldo Domingos.<\/p>\n\n\n\n<p>De acordo com ele, \u00e9 preciso educar financeiramente os trabalhadores com urg\u00eancia para que eles tenham mais sustentabilidade financeira no futuro. &#8220;Al\u00e9m disso, o ganho tamb\u00e9m \u00e9 para as empresas, j\u00e1 que uma pessoa saud\u00e1vel financeiramente \u00e9 muito mais produtiva, assim as empresas devem se precaver implementando a educa\u00e7\u00e3o financeira como um benef\u00edcio aos seus colaboradores&#8221;, alega.<\/p>\n\n\n\n<p>Por isso, a educa\u00e7\u00e3o financeira deve ser tratada como parte da responsabilidade social da empresa, beneficiando funcion\u00e1rios, familiares, comunidade e a pr\u00f3pria empresa. De acordo com a Abefin, a&nbsp;implementa\u00e7\u00e3o de um programa de educa\u00e7\u00e3o financeira na empresa propicia uma estrutura de apoio, amparo e instru\u00e7\u00e3o para os colaboradores. Com esse suporte, o profissional aprende a administrar os recursos financeiros que passam por suas m\u00e3os e a respeitar o limite de seu padr\u00e3o de vida.<\/p>\n\n\n\n<p>Ao elaborar um or\u00e7amento financeiro que leve \u00e0 conquista de seus sonhos, o profissional aprende a equilibrar as finan\u00e7as e mudar seus h\u00e1bitos e comportamentos, consumindo de forma mais consciente.&nbsp;<\/p>\n\n\n\n<p>O departamento de Recursos Humanos deve fazer esse trabalho, combatendo a causa para diminuir os efeitos. Para isso, os colaboradores precisam passar por uma mudan\u00e7a de h\u00e1bitos, costumes e comportamento em rela\u00e7\u00e3o ao uso do dinheiro.<\/p>\n\n\n\n<p>Fonte: Jornal do Com\u00e9rcio<br \/><\/p>\n","protected":false},"excerpt":{"rendered":"<p>Apenas 16% dos colaboradores ouvidos conseguem pagar suas contas com o remunera\u00e7\u00e3o mensal Com o objetivo de mostrar a import\u00e2ncia da educa\u00e7\u00e3o [&hellip;]<\/p>\n","protected":false},"author":1,"featured_media":5634,"comment_status":"closed","ping_status":"open","sticky":false,"template":"","format":"standard","meta":{"_acf_changed":false,"iawp_total_views":0,"footnotes":""},"categories":[25],"tags":[],"class_list":["post-8201","post","type-post","status-publish","format-standard","has-post-thumbnail","hentry","category-noticias-campal"],"acf":[],"_links":{"self":[{"href":"https:\/\/www.campal.com.br\/site\/wp-json\/wp\/v2\/posts\/8201","targetHints":{"allow":["GET"]}}],"collection":[{"href":"https:\/\/www.campal.com.br\/site\/wp-json\/wp\/v2\/posts"}],"about":[{"href":"https:\/\/www.campal.com.br\/site\/wp-json\/wp\/v2\/types\/post"}],"author":[{"embeddable":true,"href":"https:\/\/www.campal.com.br\/site\/wp-json\/wp\/v2\/users\/1"}],"replies":[{"embeddable":true,"href":"https:\/\/www.campal.com.br\/site\/wp-json\/wp\/v2\/comments?post=8201"}],"version-history":[{"count":0,"href":"https:\/\/www.campal.com.br\/site\/wp-json\/wp\/v2\/posts\/8201\/revisions"}],"wp:featuredmedia":[{"embeddable":true,"href":"https:\/\/www.campal.com.br\/site\/wp-json\/wp\/v2\/media\/5634"}],"wp:attachment":[{"href":"https:\/\/www.campal.com.br\/site\/wp-json\/wp\/v2\/media?parent=8201"}],"wp:term":[{"taxonomy":"category","embeddable":true,"href":"https:\/\/www.campal.com.br\/site\/wp-json\/wp\/v2\/categories?post=8201"},{"taxonomy":"post_tag","embeddable":true,"href":"https:\/\/www.campal.com.br\/site\/wp-json\/wp\/v2\/tags?post=8201"}],"curies":[{"name":"wp","href":"https:\/\/api.w.org\/{rel}","templated":true}]}}