{"id":8203,"date":"2019-07-05T09:37:13","date_gmt":"2019-07-05T12:37:13","guid":{"rendered":"https:\/\/www.campal.com.br\/site\/app\/webroot\/blog\/?p=5257"},"modified":"2019-07-05T09:37:13","modified_gmt":"2019-07-05T12:37:13","slug":"propositos-ou-despropositos","status":"publish","type":"post","link":"https:\/\/www.campal.com.br\/site\/propositos-ou-despropositos\/","title":{"rendered":"Prop\u00f3sitos ou desprop\u00f3sitos?"},"content":{"rendered":"\n<p>Clientes frustrados com produtos, servi\u00e7os ou promessas, costumam reclamar, criticar e punir as empresas infratoras com o abandono ou danos \u00e0 imagem da marca. Nada de novo, apenas comportamentos convencionais de clientes exercendo sua autonomia e barganha como consumidores.<\/p>\n\n\n\n<p>Mas, como explicar o comportamento de milhares de profissionais protestando contra suas pr\u00f3prias organiza\u00e7\u00f5es, em desacordo com a \u00e9tica duvidosa de suas pr\u00e1ticas? E n\u00e3o se trata de quest\u00f5es trabalhistas: a indigna\u00e7\u00e3o mira a falta de lisura das pol\u00edticas ambientais e comerciais, incluindo protecionismos a executivos denunciados por ass\u00e9dio sexual.<\/p>\n\n\n\n<p>O fato mais surpreendente s\u00e3o os autores da fa\u00e7anha. S\u00e3o jovens da gera\u00e7\u00e3o Y, ou millennials &#8211; considerados recursos estrat\u00e9gicos para a inova\u00e7\u00e3o &#8211; contra empresas gigantes da tecnologia como Amazon, Google e Salesforce, para onde foram atra\u00eddos pela cren\u00e7a na fidelidade de prop\u00f3sitos de &#8220;fazer um mundo melhor&#8221;.<\/p>\n\n\n\n<p>N\u00e3o \u00e9 de hoje que as pessoas est\u00e3o em busca de prop\u00f3sitos. Nos \u00faltimos 200 anos, na literatura de 11 pa\u00edses pesquisados, a express\u00e3o &#8220;um prop\u00f3sito para a vida&#8221; foi a mais recorrente, segundo Gabriel Grant, da Universidade de Yale. A comprova\u00e7\u00e3o da for\u00e7a dos prop\u00f3sitos abalou at\u00e9 a cl\u00e1ssica hierarquia das necessidades de Maslow, pelo estudo do psiquiatra austr\u00edaco Viktor Frankl, ao comprovar que as pessoas estabelecem seus motivos de realiza\u00e7\u00e3o j\u00e1 na base da pir\u00e2mide e n\u00e3o no seu topo.<\/p>\n\n\n\n<p>Essa revolu\u00e7\u00e3o nas motiva\u00e7\u00f5es humanas nos ajuda a entender o comportamento dos manifestantes que, ao buscarem significado maior para sua exist\u00eancia, dignificam seu tempo, seu trabalho, seus relacionamentos e sua pr\u00f3pria maneira de viver. Um misto de hedonismo com altru\u00edsmo &#8211; de querer viver intensamente e de fazer a diferen\u00e7a no mundo &#8211; caracteriza essa gera\u00e7\u00e3o. Assim, n\u00e3o mais distinguem vida e trabalho e, tampouco, ser profissional, consumidor ou cidad\u00e3o. Da\u00ed sua postura de exigir maior transpar\u00eancia e respeito.<\/p>\n\n\n\n<p>E \u00e9 bom as organiza\u00e7\u00f5es irem se acostumando com isso: qualquer dissintonia entre o discurso e a pr\u00e1tica transforma os prop\u00f3sitos em desprop\u00f3sitos e o encantamento se desfaz. Prop\u00f3sitos fortes s\u00e3o sustentados pela integridade de quem os representa. Dessa busca por honestidade e autenticidade, como prega Joey Reiman em seu livro &#8220;Prop\u00f3sitos&#8221;, n\u00e3o escapam governos, institui\u00e7\u00f5es nem empresas.<\/p>\n\n\n\n<p>Permanece o hist\u00f3rico dilema empresarial: como equilibrar a busca do lucro e da sobreviv\u00eancia com pol\u00edticas \u00e9ticas e sociais voltadas para a humanidade? Reflex\u00f5es e proposi\u00e7\u00f5es que fa\u00e7o em meu livro Ideias &amp; Ideais para a Excel\u00eancia e Integridade, ao colocar a \u00e9tica, governan\u00e7a, talentos, lideran\u00e7a e clientes numa mesma perspectiva.<\/p>\n\n\n\n<p>Apesar de vivermos numa ciranda do consumo e num mundo de consumidores, prefiro acreditar na evolu\u00e7\u00e3o moral da sociedade e no relevante papel das organiza\u00e7\u00f5es, convicto de que o mercado \u00e9 apenas uma fun\u00e7\u00e3o da sociedade e, como tal, pode ser orientado por interesses mais nobres.<\/p>\n\n\n\n<p>Um belo desafio para a governan\u00e7a corporativa!<\/p>\n\n\n\n<p>Fonte: Jornal do Com\u00e9rcio<\/p>\n","protected":false},"excerpt":{"rendered":"<p>Clientes frustrados com produtos, servi\u00e7os ou promessas, costumam reclamar, criticar e punir as empresas infratoras com o abandono ou danos \u00e0 imagem [&hellip;]<\/p>\n","protected":false},"author":1,"featured_media":5636,"comment_status":"closed","ping_status":"open","sticky":false,"template":"","format":"standard","meta":{"_acf_changed":false,"iawp_total_views":0,"footnotes":""},"categories":[25],"tags":[],"class_list":["post-8203","post","type-post","status-publish","format-standard","has-post-thumbnail","hentry","category-noticias-campal"],"acf":[],"_links":{"self":[{"href":"https:\/\/www.campal.com.br\/site\/wp-json\/wp\/v2\/posts\/8203","targetHints":{"allow":["GET"]}}],"collection":[{"href":"https:\/\/www.campal.com.br\/site\/wp-json\/wp\/v2\/posts"}],"about":[{"href":"https:\/\/www.campal.com.br\/site\/wp-json\/wp\/v2\/types\/post"}],"author":[{"embeddable":true,"href":"https:\/\/www.campal.com.br\/site\/wp-json\/wp\/v2\/users\/1"}],"replies":[{"embeddable":true,"href":"https:\/\/www.campal.com.br\/site\/wp-json\/wp\/v2\/comments?post=8203"}],"version-history":[{"count":0,"href":"https:\/\/www.campal.com.br\/site\/wp-json\/wp\/v2\/posts\/8203\/revisions"}],"wp:featuredmedia":[{"embeddable":true,"href":"https:\/\/www.campal.com.br\/site\/wp-json\/wp\/v2\/media\/5636"}],"wp:attachment":[{"href":"https:\/\/www.campal.com.br\/site\/wp-json\/wp\/v2\/media?parent=8203"}],"wp:term":[{"taxonomy":"category","embeddable":true,"href":"https:\/\/www.campal.com.br\/site\/wp-json\/wp\/v2\/categories?post=8203"},{"taxonomy":"post_tag","embeddable":true,"href":"https:\/\/www.campal.com.br\/site\/wp-json\/wp\/v2\/tags?post=8203"}],"curies":[{"name":"wp","href":"https:\/\/api.w.org\/{rel}","templated":true}]}}